{"id":1076,"date":"2015-11-19T19:40:37","date_gmt":"2015-11-19T19:40:37","guid":{"rendered":"http:\/\/www.zioberbrasil.com.br\/blog\/?p=1076"},"modified":"2015-11-23T19:13:30","modified_gmt":"2015-11-23T19:13:30","slug":"calor-aumenta-movimento-em-academias-ao-ar-livre","status":"publish","type":"post","link":"http:\/\/www.zioberbrasil.com.br\/blog\/calor-aumenta-movimento-em-academias-ao-ar-livre\/","title":{"rendered":"Calor faz aumentar o movimento das academias ao ar livre"},"content":{"rendered":"<p>De acordo com o gerente de ATIs de Maring\u00e1, Jos\u00e9 Luiz Menegaldi, com a proximidade do ver\u00e3o, cresce o movimento nas pra\u00e7as e parques da cidade e aumenta o n\u00famero de praticantes de atividades f\u00edsicas em locais p\u00fablicos, principalmente no final da tarde.<\/p>\n<p>As academias ao ar livre com maiores fluxos s\u00e3o a do Parque do Ing\u00e1 &#8211; no centro da cidade &#8211; e a do Bosque II, que recebem cerca de 400 pessoas diariamente. S\u00f3 em Maring\u00e1, s\u00e3o mais de 50 instaladas. Os espa\u00e7os s\u00e3o direcionados principalmente \u00e0 terceira idade e contam com aparelhos de alongamento e para fortalecer e desenvolver a musculatura.<\/p>\n<p>O funcion\u00e1rio p\u00fablico Jo\u00e3o Roberto, 54, \u00e9 frequentador ass\u00edduo da academia ao ar livre do Parque do Ing\u00e1. Ele conta que normalizou o problema de press\u00e3o alta que ele tinha depois que adotou o h\u00e1bito de praticar exerc\u00edcios nas academias ao ar livre. \u201cFoi, est\u00e1 sendo e ainda ser\u00e1 muito bom para minha sa\u00fade os exerc\u00edcios que fa\u00e7o nas academias ao ar livre. Eu tinha \u00e1cido \u00farico. Hoje, n\u00e3o tenho mais, nem problemas de press\u00e3o. Estava at\u00e9 mais pesado, mas consegui perder 8 kg\u201d, relata.<\/p>\n<p>Jo\u00e3o Roberto morou em v\u00e1rias cidades do Paran\u00e1 e, em todas, ele ia atr\u00e1s para ver se havia academia ao ar livre no munic\u00edpio. \u201cEssas academias s\u00e3o um sucesso, todas as cidades que morei tinha pelo menos uma e sempre frequentei.\u201d<\/p>\n<figure id=\"attachment_1080\" aria-describedby=\"caption-attachment-1080\" style=\"width: 300px\" class=\"wp-caption alignleft\"><img loading=\"lazy\" decoding=\"async\" class=\"wp-image-1080 size-medium\" src=\"http:\/\/www.zioberbrasil.com.br\/blog\/wp-content\/uploads\/2015\/11\/Joao-01-300x225.jpg\" alt=\"Jo\u00e3o Roberto se exercitando na academia ao ar livre\" width=\"300\" height=\"225\" srcset=\"http:\/\/www.zioberbrasil.com.br\/blog\/wp-content\/uploads\/2015\/11\/Joao-01-300x225.jpg 300w, http:\/\/www.zioberbrasil.com.br\/blog\/wp-content\/uploads\/2015\/11\/Joao-01.jpg 400w\" sizes=\"auto, (max-width: 300px) 100vw, 300px\" \/><figcaption id=\"caption-attachment-1080\" class=\"wp-caption-text\">Jo\u00e3o Roberto se exercitando na academia ao ar livre (Foto: Gustavo Rosas)<\/figcaption><\/figure>\n<p>Al\u00e9m de possibilitar atividade f\u00edsica gratuita ao ar livre, as chamadas \u201cacademias da terceira idade\u201d propiciam um momento de integra\u00e7\u00e3o. \u201cEu aproveito, fa\u00e7o meu exerc\u00edcio, n\u00e3o preciso pagar nada e ainda me divirto\u201d, conta a paisagista Maria Elisa Medeiros, de 75 anos.<\/p>\n<p>A Vila Ol\u00edmpica tamb\u00e9m \u00e9 um bom destino para quem quer se exercitar em Maring\u00e1. Al\u00e9m da academia ao ar livre, o espa\u00e7o conta com pista atl\u00e9tica, quadras poliesportivas e tem ilumina\u00e7\u00e3o noturna. Jogar basquete, futebol, dar uma corrida no parque e se exercitar nos aparelhos de gin\u00e1stica ao ar livre \u00e9 de gra\u00e7a e faz bem \u00e0 sa\u00fade.<\/p>\n<p>Embora seja o p\u00fablico alvo, a terceira idade n\u00e3o \u00e9 a \u00fanica faixa et\u00e1ria a usufruir das academias ao ar livre. Os jovens e adultos s\u00e3o minoria, mas tamb\u00e9m aproveitam. Al\u00e9m disso, desde o ano passado, as ATIs ganharam a vers\u00e3o infantil: as Academias da Primeira Idade (API), mais conhecidas como playgrounds. Em um ano, sete complexos de recrea\u00e7\u00e3o para as crian\u00e7as foram espalhados por Maring\u00e1.<\/p>\n<p>Se o ver\u00e3o \u00e9 a esta\u00e7\u00e3o do ano que mais parece ser sin\u00f4nimo de vida saud\u00e1vel, aproveite para adotar h\u00e1bitos saud\u00e1veis, e foi para isso que as academias ao ar livre foram criadas. A atividade f\u00edsica previne contra a obesidade, a depress\u00e3o e o estresse, males que nem sempre s\u00e3o considerados doen\u00e7as, mas que podem comprometer o bem-estar, principalmente na terceira idade. Mexer-se \u00e9 uma atitude que abre as portas para a sa\u00fade.<\/p>\n<p>&nbsp;<\/p>\n<p><span style=\"font-size: 10pt;\"><em>Por Gustavo Rosas<\/em><\/span><\/p>\n","protected":false},"excerpt":{"rendered":"<p>De acordo com o gerente de ATIs de Maring\u00e1, Jos\u00e9 Luiz Menegaldi, com a proximidade do ver\u00e3o, cresce o movimento nas pra\u00e7as e parques da cidade e aumenta o n\u00famero de praticantes de atividades f\u00edsicas em locais p\u00fablicos, principalmente no final da tarde. As academias ao ar livre com maiores fluxos s\u00e3o a do Parque&#8230;<\/p>\n","protected":false},"author":1,"featured_media":1079,"comment_status":"open","ping_status":"open","sticky":false,"template":"","format":"standard","meta":{"footnotes":""},"categories":[10,5,3],"tags":[59,18,19,17,25],"class_list":["post-1076","post","type-post","status-publish","format-standard","has-post-thumbnail","hentry","category-academia-da-terceira-idade","category-academias-ao-ar-livre","category-saude-e-bem-estar","tag-academia-ao-ar-livre","tag-academia-da-terceira-idade","tag-academias-ao-ar-livre","tag-ati","tag-ginastica-ao-ar-livre"],"yoast_head":"<!-- This site is optimized with the Yoast SEO plugin v25.6 - https:\/\/yoast.com\/wordpress\/plugins\/seo\/ -->\n<title>Calor faz aumentar o movimento das academias ao ar livre - Ziober Brasil<\/title>\n<meta name=\"robots\" content=\"index, follow, max-snippet:-1, max-image-preview:large, max-video-preview:-1\" \/>\n<link rel=\"canonical\" href=\"https:\/\/www.zioberbrasil.com.br\/blog\/calor-aumenta-movimento-em-academias-ao-ar-livre\/\" \/>\n<meta property=\"og:locale\" content=\"pt_BR\" \/>\n<meta property=\"og:type\" content=\"article\" \/>\n<meta property=\"og:title\" content=\"Calor faz aumentar o movimento das academias ao ar livre - Ziober Brasil\" \/>\n<meta property=\"og:description\" content=\"De acordo com o gerente de ATIs de Maring\u00e1, Jos\u00e9 Luiz Menegaldi, com a proximidade do ver\u00e3o, cresce o movimento nas pra\u00e7as e parques da cidade e aumenta o n\u00famero de praticantes de atividades f\u00edsicas em locais p\u00fablicos, principalmente no final da tarde. As academias ao ar livre com maiores fluxos s\u00e3o a do Parque...\" \/>\n<meta property=\"og:url\" content=\"https:\/\/www.zioberbrasil.com.br\/blog\/calor-aumenta-movimento-em-academias-ao-ar-livre\/\" \/>\n<meta property=\"og:site_name\" content=\"Ziober Brasil\" \/>\n<meta property=\"article:publisher\" content=\"https:\/\/www.facebook.com\/zioberbrasil\" \/>\n<meta property=\"article:published_time\" content=\"2015-11-19T19:40:37+00:00\" \/>\n<meta property=\"article:modified_time\" content=\"2015-11-23T19:13:30+00:00\" \/>\n<meta property=\"og:image\" content=\"https:\/\/www.zioberbrasil.com.br\/blog\/wp-content\/uploads\/2015\/11\/Academia-UFJF.b.jpg\" \/>\n\t<meta property=\"og:image:width\" content=\"998\" \/>\n\t<meta property=\"og:image:height\" content=\"524\" \/>\n\t<meta property=\"og:image:type\" content=\"image\/jpeg\" \/>\n<meta name=\"author\" content=\"Ziober Brasil\" \/>\n<meta name=\"twitter:card\" content=\"summary_large_image\" \/>\n<meta name=\"twitter:label1\" content=\"Escrito por\" \/>\n\t<meta name=\"twitter:data1\" content=\"Ziober Brasil\" \/>\n\t<meta name=\"twitter:label2\" content=\"Est. tempo de leitura\" \/>\n\t<meta name=\"twitter:data2\" content=\"3 minutos\" \/>\n<script type=\"application\/ld+json\" class=\"yoast-schema-graph\">{\"@context\":\"https:\/\/schema.org\",\"@graph\":[{\"@type\":\"Article\",\"@id\":\"https:\/\/www.zioberbrasil.com.br\/blog\/calor-aumenta-movimento-em-academias-ao-ar-livre\/#article\",\"isPartOf\":{\"@id\":\"https:\/\/www.zioberbrasil.com.br\/blog\/calor-aumenta-movimento-em-academias-ao-ar-livre\/\"},\"author\":{\"name\":\"Ziober Brasil\",\"@id\":\"http:\/\/www.zioberbrasil.com.br\/blog\/#\/schema\/person\/9be1cd0bd4425d2fe166571391fdf244\"},\"headline\":\"Calor faz aumentar o movimento das academias ao ar livre\",\"datePublished\":\"2015-11-19T19:40:37+00:00\",\"dateModified\":\"2015-11-23T19:13:30+00:00\",\"mainEntityOfPage\":{\"@id\":\"https:\/\/www.zioberbrasil.com.br\/blog\/calor-aumenta-movimento-em-academias-ao-ar-livre\/\"},\"wordCount\":552,\"commentCount\":0,\"publisher\":{\"@id\":\"http:\/\/www.zioberbrasil.com.br\/blog\/#organization\"},\"image\":{\"@id\":\"https:\/\/www.zioberbrasil.com.br\/blog\/calor-aumenta-movimento-em-academias-ao-ar-livre\/#primaryimage\"},\"thumbnailUrl\":\"http:\/\/www.zioberbrasil.com.br\/blog\/wp-content\/uploads\/2015\/11\/Academia-UFJF.b.jpg\",\"keywords\":[\"academia ao ar livre\",\"Academia da terceira idade\",\"Academias ao ar livre\",\"ATI\",\"gin\u00e1stica ao ar livre\"],\"articleSection\":[\"Academia da Terceira Idade\",\"Academias ao Ar Livre\",\"Sa\u00fade e Bem-estar\"],\"inLanguage\":\"pt-BR\"},{\"@type\":\"WebPage\",\"@id\":\"https:\/\/www.zioberbrasil.com.br\/blog\/calor-aumenta-movimento-em-academias-ao-ar-livre\/\",\"url\":\"https:\/\/www.zioberbrasil.com.br\/blog\/calor-aumenta-movimento-em-academias-ao-ar-livre\/\",\"name\":\"Calor faz aumentar o movimento das academias ao ar livre - Ziober Brasil\",\"isPartOf\":{\"@id\":\"http:\/\/www.zioberbrasil.com.br\/blog\/#website\"},\"primaryImageOfPage\":{\"@id\":\"https:\/\/www.zioberbrasil.com.br\/blog\/calor-aumenta-movimento-em-academias-ao-ar-livre\/#primaryimage\"},\"image\":{\"@id\":\"https:\/\/www.zioberbrasil.com.br\/blog\/calor-aumenta-movimento-em-academias-ao-ar-livre\/#primaryimage\"},\"thumbnailUrl\":\"http:\/\/www.zioberbrasil.com.br\/blog\/wp-content\/uploads\/2015\/11\/Academia-UFJF.b.jpg\",\"datePublished\":\"2015-11-19T19:40:37+00:00\",\"dateModified\":\"2015-11-23T19:13:30+00:00\",\"breadcrumb\":{\"@id\":\"https:\/\/www.zioberbrasil.com.br\/blog\/calor-aumenta-movimento-em-academias-ao-ar-livre\/#breadcrumb\"},\"inLanguage\":\"pt-BR\",\"potentialAction\":[{\"@type\":\"ReadAction\",\"target\":[\"https:\/\/www.zioberbrasil.com.br\/blog\/calor-aumenta-movimento-em-academias-ao-ar-livre\/\"]}]},{\"@type\":\"ImageObject\",\"inLanguage\":\"pt-BR\",\"@id\":\"https:\/\/www.zioberbrasil.com.br\/blog\/calor-aumenta-movimento-em-academias-ao-ar-livre\/#primaryimage\",\"url\":\"http:\/\/www.zioberbrasil.com.br\/blog\/wp-content\/uploads\/2015\/11\/Academia-UFJF.b.jpg\",\"contentUrl\":\"http:\/\/www.zioberbrasil.com.br\/blog\/wp-content\/uploads\/2015\/11\/Academia-UFJF.b.jpg\",\"width\":998,\"height\":524,\"caption\":\"Calor faz aumentar o movimento das academias ao ar livre\"},{\"@type\":\"BreadcrumbList\",\"@id\":\"https:\/\/www.zioberbrasil.com.br\/blog\/calor-aumenta-movimento-em-academias-ao-ar-livre\/#breadcrumb\",\"itemListElement\":[{\"@type\":\"ListItem\",\"position\":1,\"name\":\"In\u00edcio\",\"item\":\"http:\/\/www.zioberbrasil.com.br\/blog\/\"},{\"@type\":\"ListItem\",\"position\":2,\"name\":\"Calor faz aumentar o movimento das academias ao ar livre\"}]},{\"@type\":\"WebSite\",\"@id\":\"http:\/\/www.zioberbrasil.com.br\/blog\/#website\",\"url\":\"http:\/\/www.zioberbrasil.com.br\/blog\/\",\"name\":\"Blog Ziober Brasil\",\"description\":\"Inova\u00e7\u00e3o em Metal\u00fargica\",\"publisher\":{\"@id\":\"http:\/\/www.zioberbrasil.com.br\/blog\/#organization\"},\"potentialAction\":[{\"@type\":\"SearchAction\",\"target\":{\"@type\":\"EntryPoint\",\"urlTemplate\":\"http:\/\/www.zioberbrasil.com.br\/blog\/?s={search_term_string}\"},\"query-input\":{\"@type\":\"PropertyValueSpecification\",\"valueRequired\":true,\"valueName\":\"search_term_string\"}}],\"inLanguage\":\"pt-BR\"},{\"@type\":\"Organization\",\"@id\":\"http:\/\/www.zioberbrasil.com.br\/blog\/#organization\",\"name\":\"Ziober Brasil\",\"url\":\"http:\/\/www.zioberbrasil.com.br\/blog\/\",\"logo\":{\"@type\":\"ImageObject\",\"inLanguage\":\"pt-BR\",\"@id\":\"http:\/\/www.zioberbrasil.com.br\/blog\/#\/schema\/logo\/image\/\",\"url\":\"https:\/\/www.zioberbrasil.com.br\/blog\/wp-content\/uploads\/2025\/08\/Icone-Ziober-Azul-scaled.jpg\",\"contentUrl\":\"https:\/\/www.zioberbrasil.com.br\/blog\/wp-content\/uploads\/2025\/08\/Icone-Ziober-Azul-scaled.jpg\",\"width\":2560,\"height\":1854,\"caption\":\"Ziober Brasil\"},\"image\":{\"@id\":\"http:\/\/www.zioberbrasil.com.br\/blog\/#\/schema\/logo\/image\/\"},\"sameAs\":[\"https:\/\/www.facebook.com\/zioberbrasil\",\"https:\/\/www.instagram.com\/zioberbrasil\/\"]},{\"@type\":\"Person\",\"@id\":\"http:\/\/www.zioberbrasil.com.br\/blog\/#\/schema\/person\/9be1cd0bd4425d2fe166571391fdf244\",\"name\":\"Ziober Brasil\",\"image\":{\"@type\":\"ImageObject\",\"inLanguage\":\"pt-BR\",\"@id\":\"http:\/\/www.zioberbrasil.com.br\/blog\/#\/schema\/person\/image\/\",\"url\":\"https:\/\/secure.gravatar.com\/avatar\/da5b03801144ccc24b5aec0bf87d85fd72f1cde536e7d36d6ae6f524eeba1f59?s=96&d=mm&r=g\",\"contentUrl\":\"https:\/\/secure.gravatar.com\/avatar\/da5b03801144ccc24b5aec0bf87d85fd72f1cde536e7d36d6ae6f524eeba1f59?s=96&d=mm&r=g\",\"caption\":\"Ziober Brasil\"},\"sameAs\":[\"http:\/\/www.zioberbrasil.com.br\"],\"url\":\"http:\/\/www.zioberbrasil.com.br\/blog\/author\/ziober\/\"}]}<\/script>\n<!-- \/ Yoast SEO plugin. -->","yoast_head_json":{"title":"Calor faz aumentar o movimento das academias ao ar livre - Ziober Brasil","robots":{"index":"index","follow":"follow","max-snippet":"max-snippet:-1","max-image-preview":"max-image-preview:large","max-video-preview":"max-video-preview:-1"},"canonical":"https:\/\/www.zioberbrasil.com.br\/blog\/calor-aumenta-movimento-em-academias-ao-ar-livre\/","og_locale":"pt_BR","og_type":"article","og_title":"Calor faz aumentar o movimento das academias ao ar livre - Ziober Brasil","og_description":"De acordo com o gerente de ATIs de Maring\u00e1, Jos\u00e9 Luiz Menegaldi, com a proximidade do ver\u00e3o, cresce o movimento nas pra\u00e7as e parques da cidade e aumenta o n\u00famero de praticantes de atividades f\u00edsicas em locais p\u00fablicos, principalmente no final da tarde. As academias ao ar livre com maiores fluxos s\u00e3o a do Parque...","og_url":"https:\/\/www.zioberbrasil.com.br\/blog\/calor-aumenta-movimento-em-academias-ao-ar-livre\/","og_site_name":"Ziober Brasil","article_publisher":"https:\/\/www.facebook.com\/zioberbrasil","article_published_time":"2015-11-19T19:40:37+00:00","article_modified_time":"2015-11-23T19:13:30+00:00","og_image":[{"width":998,"height":524,"url":"https:\/\/www.zioberbrasil.com.br\/blog\/wp-content\/uploads\/2015\/11\/Academia-UFJF.b.jpg","type":"image\/jpeg"}],"author":"Ziober Brasil","twitter_card":"summary_large_image","twitter_misc":{"Escrito por":"Ziober Brasil","Est. tempo de leitura":"3 minutos"},"schema":{"@context":"https:\/\/schema.org","@graph":[{"@type":"Article","@id":"https:\/\/www.zioberbrasil.com.br\/blog\/calor-aumenta-movimento-em-academias-ao-ar-livre\/#article","isPartOf":{"@id":"https:\/\/www.zioberbrasil.com.br\/blog\/calor-aumenta-movimento-em-academias-ao-ar-livre\/"},"author":{"name":"Ziober Brasil","@id":"http:\/\/www.zioberbrasil.com.br\/blog\/#\/schema\/person\/9be1cd0bd4425d2fe166571391fdf244"},"headline":"Calor faz aumentar o movimento das academias ao ar livre","datePublished":"2015-11-19T19:40:37+00:00","dateModified":"2015-11-23T19:13:30+00:00","mainEntityOfPage":{"@id":"https:\/\/www.zioberbrasil.com.br\/blog\/calor-aumenta-movimento-em-academias-ao-ar-livre\/"},"wordCount":552,"commentCount":0,"publisher":{"@id":"http:\/\/www.zioberbrasil.com.br\/blog\/#organization"},"image":{"@id":"https:\/\/www.zioberbrasil.com.br\/blog\/calor-aumenta-movimento-em-academias-ao-ar-livre\/#primaryimage"},"thumbnailUrl":"http:\/\/www.zioberbrasil.com.br\/blog\/wp-content\/uploads\/2015\/11\/Academia-UFJF.b.jpg","keywords":["academia ao ar livre","Academia da terceira idade","Academias ao ar livre","ATI","gin\u00e1stica ao ar livre"],"articleSection":["Academia da Terceira Idade","Academias ao Ar Livre","Sa\u00fade e Bem-estar"],"inLanguage":"pt-BR"},{"@type":"WebPage","@id":"https:\/\/www.zioberbrasil.com.br\/blog\/calor-aumenta-movimento-em-academias-ao-ar-livre\/","url":"https:\/\/www.zioberbrasil.com.br\/blog\/calor-aumenta-movimento-em-academias-ao-ar-livre\/","name":"Calor faz aumentar o movimento das academias ao ar livre - Ziober Brasil","isPartOf":{"@id":"http:\/\/www.zioberbrasil.com.br\/blog\/#website"},"primaryImageOfPage":{"@id":"https:\/\/www.zioberbrasil.com.br\/blog\/calor-aumenta-movimento-em-academias-ao-ar-livre\/#primaryimage"},"image":{"@id":"https:\/\/www.zioberbrasil.com.br\/blog\/calor-aumenta-movimento-em-academias-ao-ar-livre\/#primaryimage"},"thumbnailUrl":"http:\/\/www.zioberbrasil.com.br\/blog\/wp-content\/uploads\/2015\/11\/Academia-UFJF.b.jpg","datePublished":"2015-11-19T19:40:37+00:00","dateModified":"2015-11-23T19:13:30+00:00","breadcrumb":{"@id":"https:\/\/www.zioberbrasil.com.br\/blog\/calor-aumenta-movimento-em-academias-ao-ar-livre\/#breadcrumb"},"inLanguage":"pt-BR","potentialAction":[{"@type":"ReadAction","target":["https:\/\/www.zioberbrasil.com.br\/blog\/calor-aumenta-movimento-em-academias-ao-ar-livre\/"]}]},{"@type":"ImageObject","inLanguage":"pt-BR","@id":"https:\/\/www.zioberbrasil.com.br\/blog\/calor-aumenta-movimento-em-academias-ao-ar-livre\/#primaryimage","url":"http:\/\/www.zioberbrasil.com.br\/blog\/wp-content\/uploads\/2015\/11\/Academia-UFJF.b.jpg","contentUrl":"http:\/\/www.zioberbrasil.com.br\/blog\/wp-content\/uploads\/2015\/11\/Academia-UFJF.b.jpg","width":998,"height":524,"caption":"Calor faz aumentar o movimento das academias ao ar livre"},{"@type":"BreadcrumbList","@id":"https:\/\/www.zioberbrasil.com.br\/blog\/calor-aumenta-movimento-em-academias-ao-ar-livre\/#breadcrumb","itemListElement":[{"@type":"ListItem","position":1,"name":"In\u00edcio","item":"http:\/\/www.zioberbrasil.com.br\/blog\/"},{"@type":"ListItem","position":2,"name":"Calor faz aumentar o movimento das academias ao ar livre"}]},{"@type":"WebSite","@id":"http:\/\/www.zioberbrasil.com.br\/blog\/#website","url":"http:\/\/www.zioberbrasil.com.br\/blog\/","name":"Blog Ziober Brasil","description":"Inova\u00e7\u00e3o em Metal\u00fargica","publisher":{"@id":"http:\/\/www.zioberbrasil.com.br\/blog\/#organization"},"potentialAction":[{"@type":"SearchAction","target":{"@type":"EntryPoint","urlTemplate":"http:\/\/www.zioberbrasil.com.br\/blog\/?s={search_term_string}"},"query-input":{"@type":"PropertyValueSpecification","valueRequired":true,"valueName":"search_term_string"}}],"inLanguage":"pt-BR"},{"@type":"Organization","@id":"http:\/\/www.zioberbrasil.com.br\/blog\/#organization","name":"Ziober Brasil","url":"http:\/\/www.zioberbrasil.com.br\/blog\/","logo":{"@type":"ImageObject","inLanguage":"pt-BR","@id":"http:\/\/www.zioberbrasil.com.br\/blog\/#\/schema\/logo\/image\/","url":"https:\/\/www.zioberbrasil.com.br\/blog\/wp-content\/uploads\/2025\/08\/Icone-Ziober-Azul-scaled.jpg","contentUrl":"https:\/\/www.zioberbrasil.com.br\/blog\/wp-content\/uploads\/2025\/08\/Icone-Ziober-Azul-scaled.jpg","width":2560,"height":1854,"caption":"Ziober Brasil"},"image":{"@id":"http:\/\/www.zioberbrasil.com.br\/blog\/#\/schema\/logo\/image\/"},"sameAs":["https:\/\/www.facebook.com\/zioberbrasil","https:\/\/www.instagram.com\/zioberbrasil\/"]},{"@type":"Person","@id":"http:\/\/www.zioberbrasil.com.br\/blog\/#\/schema\/person\/9be1cd0bd4425d2fe166571391fdf244","name":"Ziober Brasil","image":{"@type":"ImageObject","inLanguage":"pt-BR","@id":"http:\/\/www.zioberbrasil.com.br\/blog\/#\/schema\/person\/image\/","url":"https:\/\/secure.gravatar.com\/avatar\/da5b03801144ccc24b5aec0bf87d85fd72f1cde536e7d36d6ae6f524eeba1f59?s=96&d=mm&r=g","contentUrl":"https:\/\/secure.gravatar.com\/avatar\/da5b03801144ccc24b5aec0bf87d85fd72f1cde536e7d36d6ae6f524eeba1f59?s=96&d=mm&r=g","caption":"Ziober Brasil"},"sameAs":["http:\/\/www.zioberbrasil.com.br"],"url":"http:\/\/www.zioberbrasil.com.br\/blog\/author\/ziober\/"}]}},"_links":{"self":[{"href":"http:\/\/www.zioberbrasil.com.br\/blog\/wp-json\/wp\/v2\/posts\/1076","targetHints":{"allow":["GET"]}}],"collection":[{"href":"http:\/\/www.zioberbrasil.com.br\/blog\/wp-json\/wp\/v2\/posts"}],"about":[{"href":"http:\/\/www.zioberbrasil.com.br\/blog\/wp-json\/wp\/v2\/types\/post"}],"author":[{"embeddable":true,"href":"http:\/\/www.zioberbrasil.com.br\/blog\/wp-json\/wp\/v2\/users\/1"}],"replies":[{"embeddable":true,"href":"http:\/\/www.zioberbrasil.com.br\/blog\/wp-json\/wp\/v2\/comments?post=1076"}],"version-history":[{"count":6,"href":"http:\/\/www.zioberbrasil.com.br\/blog\/wp-json\/wp\/v2\/posts\/1076\/revisions"}],"predecessor-version":[{"id":1086,"href":"http:\/\/www.zioberbrasil.com.br\/blog\/wp-json\/wp\/v2\/posts\/1076\/revisions\/1086"}],"wp:featuredmedia":[{"embeddable":true,"href":"http:\/\/www.zioberbrasil.com.br\/blog\/wp-json\/wp\/v2\/media\/1079"}],"wp:attachment":[{"href":"http:\/\/www.zioberbrasil.com.br\/blog\/wp-json\/wp\/v2\/media?parent=1076"}],"wp:term":[{"taxonomy":"category","embeddable":true,"href":"http:\/\/www.zioberbrasil.com.br\/blog\/wp-json\/wp\/v2\/categories?post=1076"},{"taxonomy":"post_tag","embeddable":true,"href":"http:\/\/www.zioberbrasil.com.br\/blog\/wp-json\/wp\/v2\/tags?post=1076"}],"curies":[{"name":"wp","href":"https:\/\/api.w.org\/{rel}","templated":true}]}}